{"id":633,"date":"2024-04-23T10:31:32","date_gmt":"2024-04-23T08:31:32","guid":{"rendered":"https:\/\/numethic.education\/?p=633"},"modified":"2024-04-23T10:32:18","modified_gmt":"2024-04-23T08:32:18","slug":"limpact-ecologique-du-numerique-intervention-a-gesves","status":"publish","type":"post","link":"https:\/\/numethic.education\/?p=633","title":{"rendered":"\u00ab\u00a0L&rsquo;impact \u00e9cologique du num\u00e9rique\u00a0\u00bb &#8211; Intervention \u00e0 Gesves"},"content":{"rendered":"\n<p style=\"font-size:15px\">Jeudi dernier, nous \u00e9tions invit\u00e9s par le commune de Gesves dans le cadre du projet \u00ab<a href=\"http:\/\/www.gesves.be\/event\/les-as-du-climat-atelier-de-lancement\/\">\u00a0Les As du Climat\u00a0<\/a>\u00bb pour parler de l\u2019impact \u00e9cologique du num\u00e9rique.<\/p>\n\n\n\n<p style=\"font-size:15px\">Port\u00e9 par le<a href=\"https:\/\/energie.wallonie.be\/fr\/pollec.html?IDC=9178\"> POLLEC <\/a>de Gesves, le projet \u00ab\u00a0Les As du Climat\u00a0\u00bb mettait au d\u00e9fi durant un an des citoyens de r\u00e9duire \u00e0 la fois leurs \u00e9missions de dioxyde de carbone et leurs d\u00e9penses. M\u00ealant s\u00e9ances de sensibilisation\/information, ce projet couvrait divers th\u00e8mes (logement, mobilit\u00e9, biodiversit\u00e9, alimentation). Notre intervention avait \u00e9t\u00e9 sollicit\u00e9e en bonus \u00e0 la fin de cette ann\u00e9e d\u2019actions\u00a0\ud83d\ude42<\/p>\n\n\n\n<figure class=\"wp-block-gallery has-nested-images columns-default is-cropped wp-block-gallery-1 is-layout-flex wp-block-gallery-is-layout-flex\">\n<figure class=\"wp-block-image size-large\"><img loading=\"lazy\" decoding=\"async\" width=\"800\" height=\"534\" data-id=\"635\" src=\"https:\/\/numethic.education\/wp-content\/uploads\/2024\/04\/DSC_7388_min.jpg\" alt=\"\" class=\"wp-image-635\" srcset=\"https:\/\/numethic.education\/wp-content\/uploads\/2024\/04\/DSC_7388_min.jpg 800w, https:\/\/numethic.education\/wp-content\/uploads\/2024\/04\/DSC_7388_min-300x200.jpg 300w, https:\/\/numethic.education\/wp-content\/uploads\/2024\/04\/DSC_7388_min-768x513.jpg 768w\" sizes=\"auto, (max-width: 800px) 100vw, 800px\" \/><\/figure>\n\n\n\n<figure class=\"wp-block-image size-large\"><img loading=\"lazy\" decoding=\"async\" width=\"600\" height=\"401\" data-id=\"636\" src=\"https:\/\/numethic.education\/wp-content\/uploads\/2024\/04\/DSC_7389_min.jpg\" alt=\"\" class=\"wp-image-636\" srcset=\"https:\/\/numethic.education\/wp-content\/uploads\/2024\/04\/DSC_7389_min.jpg 600w, https:\/\/numethic.education\/wp-content\/uploads\/2024\/04\/DSC_7389_min-300x201.jpg 300w\" sizes=\"auto, (max-width: 600px) 100vw, 600px\" \/><\/figure>\n\n\n\n<figure class=\"wp-block-image size-large\"><img loading=\"lazy\" decoding=\"async\" width=\"800\" height=\"534\" data-id=\"634\" src=\"https:\/\/numethic.education\/wp-content\/uploads\/2024\/04\/DSC_7395_min.jpg\" alt=\"\" class=\"wp-image-634\" srcset=\"https:\/\/numethic.education\/wp-content\/uploads\/2024\/04\/DSC_7395_min.jpg 800w, https:\/\/numethic.education\/wp-content\/uploads\/2024\/04\/DSC_7395_min-300x200.jpg 300w, https:\/\/numethic.education\/wp-content\/uploads\/2024\/04\/DSC_7395_min-768x513.jpg 768w\" sizes=\"auto, (max-width: 800px) 100vw, 800px\" \/><\/figure>\n<\/figure>\n\n\n\n<p><\/p>\n\n\n\n<p style=\"font-size:15px\">Notre objectif\u00a0? En m\u00e9lant informations factuelles (extractivisme, consommation \u00e9lectrique, \u00e9missions de gaz \u00e0 effet de serre, d\u00e9chets) et r\u00e9flexion philosophique, notre atelier se voulait non-moralisateur et, surtout, souhaitait mobiliser la r\u00e9flexion et la prise de conscience du poids du num\u00e9rique sur la culture. <\/p>\n\n\n\n<p style=\"font-size:15px\">Car, pour paraphraser Bernard Charbonneau:<\/p>\n\n\n\n<figure class=\"wp-block-pullquote\" style=\"font-size:20px\"><blockquote><p> \u00ab\u00a0<em>On croit fabriquer des objets num\u00e9riques, on fabrique une soci\u00e9t\u00e9.\u00a0\u00bb<\/em><\/p><\/blockquote><\/figure>\n\n\n\n<p style=\"font-size:12px\">Citation originale: \u00ab\u00a0On croit fabriquer des voitures, on fabrique une soci\u00e9t\u00e9\u00a0\u00bb &#8211; L&rsquo;Hommauto, Bernard Charbonneau (1967)<\/p>\n\n\n\n<p style=\"font-size:15px\">Une belle r\u00e9ussite\u00a0!<\/p>\n","protected":false},"excerpt":{"rendered":"<p>Jeudi dernier, nous \u00e9tions invit\u00e9s par le commune de Gesves dans le cadre du projet \u00ab\u00a0Les As du Climat\u00a0\u00bb pour parler de l\u2019impact \u00e9cologique du num\u00e9rique. Port\u00e9 par le POLLEC [&hellip;]<\/p>\n","protected":false},"author":6,"featured_media":0,"comment_status":"open","ping_status":"open","sticky":false,"template":"","format":"standard","meta":{"ocean_post_layout":"","ocean_both_sidebars_style":"","ocean_both_sidebars_content_width":0,"ocean_both_sidebars_sidebars_width":0,"ocean_sidebar":"","ocean_second_sidebar":"","ocean_disable_margins":"enable","ocean_add_body_class":"","ocean_shortcode_before_top_bar":"","ocean_shortcode_after_top_bar":"","ocean_shortcode_before_header":"","ocean_shortcode_after_header":"","ocean_has_shortcode":"","ocean_shortcode_after_title":"","ocean_shortcode_before_footer_widgets":"","ocean_shortcode_after_footer_widgets":"","ocean_shortcode_before_footer_bottom":"","ocean_shortcode_after_footer_bottom":"","ocean_display_top_bar":"default","ocean_display_header":"default","ocean_header_style":"","ocean_center_header_left_menu":"","ocean_custom_header_template":"","ocean_custom_logo":0,"ocean_custom_retina_logo":0,"ocean_custom_logo_max_width":0,"ocean_custom_logo_tablet_max_width":0,"ocean_custom_logo_mobile_max_width":0,"ocean_custom_logo_max_height":0,"ocean_custom_logo_tablet_max_height":0,"ocean_custom_logo_mobile_max_height":0,"ocean_header_custom_menu":"","ocean_menu_typo_font_family":"","ocean_menu_typo_font_subset":"","ocean_menu_typo_font_size":0,"ocean_menu_typo_font_size_tablet":0,"ocean_menu_typo_font_size_mobile":0,"ocean_menu_typo_font_size_unit":"px","ocean_menu_typo_font_weight":"","ocean_menu_typo_font_weight_tablet":"","ocean_menu_typo_font_weight_mobile":"","ocean_menu_typo_transform":"","ocean_menu_typo_transform_tablet":"","ocean_menu_typo_transform_mobile":"","ocean_menu_typo_line_height":0,"ocean_menu_typo_line_height_tablet":0,"ocean_menu_typo_line_height_mobile":0,"ocean_menu_typo_line_height_unit":"","ocean_menu_typo_spacing":0,"ocean_menu_typo_spacing_tablet":0,"ocean_menu_typo_spacing_mobile":0,"ocean_menu_typo_spacing_unit":"","ocean_menu_link_color":"","ocean_menu_link_color_hover":"","ocean_menu_link_color_active":"","ocean_menu_link_background":"","ocean_menu_link_hover_background":"","ocean_menu_link_active_background":"","ocean_menu_social_links_bg":"","ocean_menu_social_hover_links_bg":"","ocean_menu_social_links_color":"","ocean_menu_social_hover_links_color":"","ocean_disable_title":"default","ocean_disable_heading":"default","ocean_post_title":"","ocean_post_subheading":"","ocean_post_title_style":"","ocean_post_title_background_color":"","ocean_post_title_background":0,"ocean_post_title_bg_image_position":"","ocean_post_title_bg_image_attachment":"","ocean_post_title_bg_image_repeat":"","ocean_post_title_bg_image_size":"","ocean_post_title_height":0,"ocean_post_title_bg_overlay":0.5,"ocean_post_title_bg_overlay_color":"","ocean_disable_breadcrumbs":"default","ocean_breadcrumbs_color":"","ocean_breadcrumbs_separator_color":"","ocean_breadcrumbs_links_color":"","ocean_breadcrumbs_links_hover_color":"","ocean_display_footer_widgets":"default","ocean_display_footer_bottom":"default","ocean_custom_footer_template":"","ocean_post_oembed":"","ocean_post_self_hosted_media":"","ocean_post_video_embed":"","ocean_link_format":"","ocean_link_format_target":"self","ocean_quote_format":"","ocean_quote_format_link":"post","ocean_gallery_link_images":"on","ocean_gallery_id":[],"footnotes":""},"categories":[1,6],"tags":[39,38,11,40],"class_list":["post-633","post","type-post","status-publish","format-standard","hentry","category-non-classe","category-philosophie","tag-atelier","tag-culture-numerique","tag-ecologie","tag-evenement","entry"],"_links":{"self":[{"href":"https:\/\/numethic.education\/index.php?rest_route=\/wp\/v2\/posts\/633","targetHints":{"allow":["GET"]}}],"collection":[{"href":"https:\/\/numethic.education\/index.php?rest_route=\/wp\/v2\/posts"}],"about":[{"href":"https:\/\/numethic.education\/index.php?rest_route=\/wp\/v2\/types\/post"}],"author":[{"embeddable":true,"href":"https:\/\/numethic.education\/index.php?rest_route=\/wp\/v2\/users\/6"}],"replies":[{"embeddable":true,"href":"https:\/\/numethic.education\/index.php?rest_route=%2Fwp%2Fv2%2Fcomments&post=633"}],"version-history":[{"count":2,"href":"https:\/\/numethic.education\/index.php?rest_route=\/wp\/v2\/posts\/633\/revisions"}],"predecessor-version":[{"id":638,"href":"https:\/\/numethic.education\/index.php?rest_route=\/wp\/v2\/posts\/633\/revisions\/638"}],"wp:attachment":[{"href":"https:\/\/numethic.education\/index.php?rest_route=%2Fwp%2Fv2%2Fmedia&parent=633"}],"wp:term":[{"taxonomy":"category","embeddable":true,"href":"https:\/\/numethic.education\/index.php?rest_route=%2Fwp%2Fv2%2Fcategories&post=633"},{"taxonomy":"post_tag","embeddable":true,"href":"https:\/\/numethic.education\/index.php?rest_route=%2Fwp%2Fv2%2Ftags&post=633"}],"curies":[{"name":"wp","href":"https:\/\/api.w.org\/{rel}","templated":true}]}}