{"id":22,"count":5,"description":"","link":"https:\/\/numethic.education\/?tag=questionnement-critique-du-numerique-a-lecole","name":"questionnement critique du num\u00e9rique \u00e0 l&#039;\u00e9cole","slug":"questionnement-critique-du-numerique-a-lecole","taxonomy":"post_tag","meta":[],"_links":{"self":[{"href":"https:\/\/numethic.education\/index.php?rest_route=\/wp\/v2\/tags\/22","targetHints":{"allow":["GET"]}}],"collection":[{"href":"https:\/\/numethic.education\/index.php?rest_route=\/wp\/v2\/tags"}],"about":[{"href":"https:\/\/numethic.education\/index.php?rest_route=\/wp\/v2\/taxonomies\/post_tag"}],"wp:post_type":[{"href":"https:\/\/numethic.education\/index.php?rest_route=%2Fwp%2Fv2%2Fposts&tags=22"},{"href":"https:\/\/numethic.education\/index.php?rest_route=%2Fwp%2Fv2%2Ftribe_events&tags=22"},{"href":"https:\/\/numethic.education\/index.php?rest_route=%2Fwp%2Fv2%2Ftec_calendar_embed&tags=22"}],"curies":[{"name":"wp","href":"https:\/\/api.w.org\/{rel}","templated":true}]}}